{"id":1488,"date":"2021-04-27T23:34:12","date_gmt":"2021-04-27T21:34:12","guid":{"rendered":"http:\/\/www.gueuzerietilquin.be\/?p=1488"},"modified":"2021-04-28T00:05:28","modified_gmt":"2021-04-27T22:05:28","slug":"10th-anniversary-weekend-1of4","status":"publish","type":"post","link":"https:\/\/www.gueuzerietilquin.be\/en\/10th-anniversary-weekend-1of4\/","title":{"rendered":"10th ANNIVERSARY &#8211; WEEKEND 1 of 4"},"content":{"rendered":"<p><img loading=\"lazy\" decoding=\"async\" class=\"alignnone size-full wp-image-1480\" src=\"http:\/\/www.gueuzerietilquin.be\/wordpress\/wp-content\/uploads\/2021\/04\/10Y_2020_974x509.jpg\" alt=\"\" width=\"974\" height=\"509\" srcset=\"https:\/\/www.gueuzerietilquin.be\/wordpress\/wp-content\/uploads\/2021\/04\/10Y_2020_974x509.jpg 974w, https:\/\/www.gueuzerietilquin.be\/wordpress\/wp-content\/uploads\/2021\/04\/10Y_2020_974x509-300x157.jpg 300w, https:\/\/www.gueuzerietilquin.be\/wordpress\/wp-content\/uploads\/2021\/04\/10Y_2020_974x509-440x230.jpg 440w, https:\/\/www.gueuzerietilquin.be\/wordpress\/wp-content\/uploads\/2021\/04\/10Y_2020_974x509-768x401.jpg 768w\" sizes=\"auto, (max-width: 974px) 100vw, 974px\" \/><\/p>\n<p><strong>The shop will be open on 30 April, 1 and 2 May 2021<\/strong>, on the occasion of the 10th anniversary of the Gueuzerie Tilquin, <!--more-->and on the occasion of the release of 3 new beers:<\/p>\n<ul>\n<li><span style=\"color: #ff0000;\"><strong>Gueuze Tilquin \u00e0 l&#8217;ancienne &#8211; Cuv\u00e9e du 10\u00e8me anniversaire<\/strong><\/span> 75cl (limited to one bottle per person)<\/li>\n<li>Mirabelle Tilquin \u00e0 l&#8217;ancienne (37.5cl and 75cl), sold with other beers in a 6x75cl pack and a 12&#215;37.5cl pack.<\/li>\n<li>Oude Geuze Megablend 2021, on the occasion of Toer de Geuze 2021 &#8211; At Home.<\/li>\n<\/ul>\n<p>On this occasion, all our products will be available for take-away at the shop, which will be open from 10.30 am to 4.30 pm on all three days.<\/p>\n<p>This weekend marks the beginning of 4 weekends of festivities for the 10th anniversary of the Gueuzerie Tilquin.<\/p>\n<p><strong>The shop and a 50-seat covered terrace will be open on 8-9, 15-16 and 22-23 May.<\/strong><\/p>\n<p>More info on our Facebook page!<\/p>\n<p>Come and visit us.<\/p>\n","protected":false},"excerpt":{"rendered":"<p>The shop will be open on 30 April, 1 and 2 May 2021, on the occasion of the 10th anniversary of the Gueuzerie Tilquin <a href=\"https:\/\/www.gueuzerietilquin.be\/en\/10th-anniversary-weekend-1of4\/\"><\/a><\/p>\n","protected":false},"author":2,"featured_media":0,"comment_status":"open","ping_status":"open","sticky":false,"template":"","format":"standard","meta":{"_acf_changed":false,"ngg_post_thumbnail":0,"footnotes":""},"categories":[19],"tags":[],"class_list":["post-1488","post","type-post","status-publish","format-standard","hentry","category-news-en"],"acf":[],"_links":{"self":[{"href":"https:\/\/www.gueuzerietilquin.be\/en\/wp-json\/wp\/v2\/posts\/1488","targetHints":{"allow":["GET"]}}],"collection":[{"href":"https:\/\/www.gueuzerietilquin.be\/en\/wp-json\/wp\/v2\/posts"}],"about":[{"href":"https:\/\/www.gueuzerietilquin.be\/en\/wp-json\/wp\/v2\/types\/post"}],"author":[{"embeddable":true,"href":"https:\/\/www.gueuzerietilquin.be\/en\/wp-json\/wp\/v2\/users\/2"}],"replies":[{"embeddable":true,"href":"https:\/\/www.gueuzerietilquin.be\/en\/wp-json\/wp\/v2\/comments?post=1488"}],"version-history":[{"count":3,"href":"https:\/\/www.gueuzerietilquin.be\/en\/wp-json\/wp\/v2\/posts\/1488\/revisions"}],"predecessor-version":[{"id":1499,"href":"https:\/\/www.gueuzerietilquin.be\/en\/wp-json\/wp\/v2\/posts\/1488\/revisions\/1499"}],"wp:attachment":[{"href":"https:\/\/www.gueuzerietilquin.be\/en\/wp-json\/wp\/v2\/media?parent=1488"}],"wp:term":[{"taxonomy":"category","embeddable":true,"href":"https:\/\/www.gueuzerietilquin.be\/en\/wp-json\/wp\/v2\/categories?post=1488"},{"taxonomy":"post_tag","embeddable":true,"href":"https:\/\/www.gueuzerietilquin.be\/en\/wp-json\/wp\/v2\/tags?post=1488"}],"curies":[{"name":"wp","href":"https:\/\/api.w.org\/{rel}","templated":true}]}}